{"id":5122,"date":"2020-07-22T12:38:36","date_gmt":"2020-07-22T10:38:36","guid":{"rendered":"https:\/\/www.endres-lighting.de\/wordpress\/?p=5122"},"modified":"2026-01-13T15:05:18","modified_gmt":"2026-01-13T14:05:18","slug":"weihnachtsbeleuchtung","status":"publish","type":"post","link":"https:\/\/www.endres-lighting.de\/el\/weihnachtsbeleuchtung\/","title":{"rendered":"Weihnachtsbeleuchtung"},"content":{"rendered":"\t\t<div data-elementor-type=\"wp-post\" data-elementor-id=\"5122\" class=\"elementor elementor-5122\">\n\t\t\t\t\t\t<section class=\"elementor-section elementor-top-section elementor-element elementor-element-73ef9c64 elementor-section-boxed elementor-section-height-default elementor-section-height-default\" data-id=\"73ef9c64\" data-element_type=\"section\" data-e-type=\"section\">\n\t\t\t\t\t\t<div class=\"elementor-container elementor-column-gap-default\">\n\t\t\t\t\t<div class=\"elementor-column elementor-col-100 elementor-top-column elementor-element elementor-element-1e0c27cd\" data-id=\"1e0c27cd\" data-element_type=\"column\" data-e-type=\"column\">\n\t\t\t<div class=\"elementor-widget-wrap elementor-element-populated\">\n\t\t\t\t\t\t<div class=\"elementor-element elementor-element-16e1f3d elementor-widget elementor-widget-text-editor\" data-id=\"16e1f3d\" data-element_type=\"widget\" data-e-type=\"widget\" data-widget_type=\"text-editor.default\">\n\t\t\t\t<div class=\"elementor-widget-container\">\n\t\t\t\t\t\t\t\t\t<p><\/p>\n<h3>Stimmungsvolle Weihnachtsbeleuchtung, perfekt in Szene gesetzt.<\/h3>\n<p class=\"wp-block-paragraph\"><\/p>\n<p class=\"has-text-color\" style=\"color: #6e6e6e;\">Seit mehr als 30 Jahren ist ENDRES Lighting Ihr Partner f\u00fcr LED Technik im Bereich Weihnachtsau\u00dfenbeleuchtung. <br \/>ENDRES Lighting konzipiert, plant und fertigt stimmungsvolle Beleuchtungselemente f\u00fcr Ihre Fassade, Stra\u00dfenlaternen oder Stra\u00dfen\u00fcberspannung <br \/>mit Stahlseil \u2013 gerne setzen wir auch Ihre individuellen W\u00fcnsche und Vorstellungen professionell um.\u00a0<\/p>\n<h3 class=\"wp-block-heading\">Alle Jahre wieder \u2013 Wir k\u00fcmmern uns darum!<\/h3>\n<p class=\"has-text-color\" style=\"color: #6e6e6e;\">Wir unterst\u00fctzen Sie fachgerecht bei der Planung Ihrer Illuminationen. Gerne machen wir Ihnen ein Full-Service-Angebot \u2013 Beratung, Konzeption, <br \/>Fertigung sowie termingerechte Lieferung und Montage. Und nach den Feiertagen \u00fcbernehmen wir auf Ihren Wunsch den R\u00fcckbau und die <br \/>Lagerung Ihrer Dekoration \u2013 bis zum n\u00e4chsten Fest.<\/p>\n<p class=\"has-text-color\" style=\"color: #6e6e6e;\"><strong>Bei ENDRES Lighting ist Ihre Weihnachtsbeleuchtung in besten H\u00e4nden. Wir k\u00fcmmern uns darum \u2013 w\u00e4hrend Sie wertvolle Zeit gewinnen!<\/strong><\/p>\n<p><img fetchpriority=\"high\" decoding=\"async\" class=\"alignnone wp-image-8481\" src=\"https:\/\/www.endres-lighting.de\/el\/wp-content\/uploads\/2024\/07\/Remos-01-700x502-1-300x215.jpg\" alt=\"\" width=\"418\" height=\"300\" srcset=\"https:\/\/www.endres-lighting.de\/el\/wp-content\/uploads\/2024\/07\/Remos-01-700x502-1-300x215.jpg 300w, https:\/\/www.endres-lighting.de\/el\/wp-content\/uploads\/2024\/07\/Remos-01-700x502-1.jpg 700w\" sizes=\"(max-width: 418px) 100vw, 418px\" \/>\u00a0 \u00a0 \u00a0<img decoding=\"async\" class=\"alignnone wp-image-7343\" src=\"https:\/\/www.endres-lighting.de\/el\/wp-content\/uploads\/2023\/12\/Kleinmaischeid-01-1-1920x864.jpg\" alt=\"\" width=\"667\" height=\"300\" srcset=\"https:\/\/www.endres-lighting.de\/el\/wp-content\/uploads\/2023\/12\/Kleinmaischeid-01-1-1920x864.jpg 1920w, https:\/\/www.endres-lighting.de\/el\/wp-content\/uploads\/2023\/12\/Kleinmaischeid-01-1-768x346.jpg 768w, https:\/\/www.endres-lighting.de\/el\/wp-content\/uploads\/2023\/12\/Kleinmaischeid-01-1-1536x691.jpg 1536w, https:\/\/www.endres-lighting.de\/el\/wp-content\/uploads\/2023\/12\/Kleinmaischeid-01-1-2048x922.jpg 2048w, https:\/\/www.endres-lighting.de\/el\/wp-content\/uploads\/2023\/12\/Kleinmaischeid-01-1-700x315.jpg 700w, https:\/\/www.endres-lighting.de\/el\/wp-content\/uploads\/2023\/12\/Kleinmaischeid-01-1-300x135.jpg 300w\" sizes=\"(max-width: 667px) 100vw, 667px\" \/><\/p>\t\t\t\t\t\t\t\t<\/div>\n\t\t\t\t<\/div>\n\t\t\t\t\t<\/div>\n\t\t<\/div>\n\t\t\t\t\t<\/div>\n\t\t<\/section>\n\t\t\t\t<section class=\"elementor-section elementor-top-section elementor-element elementor-element-79403df elementor-section-boxed elementor-section-height-default elementor-section-height-default\" data-id=\"79403df\" data-element_type=\"section\" data-e-type=\"section\">\n\t\t\t\t\t\t<div class=\"elementor-container elementor-column-gap-default\">\n\t\t\t\t\t<div class=\"elementor-column elementor-col-100 elementor-top-column elementor-element elementor-element-78b354d\" data-id=\"78b354d\" data-element_type=\"column\" data-e-type=\"column\">\n\t\t\t<div class=\"elementor-widget-wrap elementor-element-populated\">\n\t\t\t\t\t\t<div class=\"elementor-element elementor-element-dcc0206 elementor-widget-divider--view-line_icon elementor-view-default elementor-widget-divider--element-align-center elementor-widget elementor-widget-divider\" data-id=\"dcc0206\" data-element_type=\"widget\" data-e-type=\"widget\" data-widget_type=\"divider.default\">\n\t\t\t\t<div class=\"elementor-widget-container\">\n\t\t\t\t\t\t\t<div class=\"elementor-divider\">\n\t\t\t<span class=\"elementor-divider-separator\">\n\t\t\t\t\t\t\t<div class=\"elementor-icon elementor-divider__element\">\n\t\t\t\t\t<i aria-hidden=\"true\" class=\"fas fa-star\"><\/i><\/div>\n\t\t\t\t\t\t<\/span>\n\t\t<\/div>\n\t\t\t\t\t\t<\/div>\n\t\t\t\t<\/div>\n\t\t\t\t\t<\/div>\n\t\t<\/div>\n\t\t\t\t\t<\/div>\n\t\t<\/section>\n\t\t\t\t<section class=\"elementor-section elementor-top-section elementor-element elementor-element-e170799 elementor-section-boxed elementor-section-height-default elementor-section-height-default\" data-id=\"e170799\" data-element_type=\"section\" data-e-type=\"section\">\n\t\t\t\t\t\t<div class=\"elementor-container elementor-column-gap-default\">\n\t\t\t\t\t<div class=\"elementor-column elementor-col-100 elementor-top-column elementor-element elementor-element-3791d4f\" data-id=\"3791d4f\" data-element_type=\"column\" data-e-type=\"column\">\n\t\t\t<div class=\"elementor-widget-wrap elementor-element-populated\">\n\t\t\t\t\t\t<div class=\"elementor-element elementor-element-bac3320 elementor-widget elementor-widget-text-editor\" data-id=\"bac3320\" data-element_type=\"widget\" data-e-type=\"widget\" data-widget_type=\"text-editor.default\">\n\t\t\t\t<div class=\"elementor-widget-container\">\n\t\t\t\t\t\t\t\t\t<p><\/p>\n<h3><span style=\"font-family: inherit; font-size: 18px;\">Kataloge f\u00fcr Weihnachtsbeleuchtung und Weihnachtsmotive<\/span><\/h3>\n<p class=\"wp-block-paragraph\"><\/p>\n<p><a href=\"https:\/\/www.endres-lighting.de\/el\/wp-content\/uploads\/2023\/03\/A5-Dekoration-aus-Fiberglas-2023.pdf\"><img decoding=\"async\" class=\"alignleft wp-image-6069\" src=\"https:\/\/www.endres-lighting.de\/el\/wp-content\/uploads\/2022\/04\/A5-Dekoration-aus-Fiberglas-2022-1-300x214.jpg\" alt=\"\" width=\"280\" height=\"200\" srcset=\"https:\/\/www.endres-lighting.de\/el\/wp-content\/uploads\/2022\/04\/A5-Dekoration-aus-Fiberglas-2022-1-300x214.jpg 300w, https:\/\/www.endres-lighting.de\/el\/wp-content\/uploads\/2022\/04\/A5-Dekoration-aus-Fiberglas-2022-1-768x548.jpg 768w, https:\/\/www.endres-lighting.de\/el\/wp-content\/uploads\/2022\/04\/A5-Dekoration-aus-Fiberglas-2022-1-1536x1095.jpg 1536w, https:\/\/www.endres-lighting.de\/el\/wp-content\/uploads\/2022\/04\/A5-Dekoration-aus-Fiberglas-2022-1-2048x1460.jpg 2048w, https:\/\/www.endres-lighting.de\/el\/wp-content\/uploads\/2022\/04\/A5-Dekoration-aus-Fiberglas-2022-1-700x499.jpg 700w, https:\/\/www.endres-lighting.de\/el\/wp-content\/uploads\/2022\/04\/A5-Dekoration-aus-Fiberglas-2022-1-1436x1024.jpg 1436w\" sizes=\"(max-width: 280px) 100vw, 280px\" \/><\/a><a style=\"background-color: #ffffff;\" href=\"https:\/\/www.endres-lighting.de\/el\/wp-content\/uploads\/2025\/08\/Prospekt-Licht-Schlauch-Ketten-Flex-6seiter.pdf\" target=\"_blank\" rel=\"noopener noreferrer\"><img loading=\"lazy\" decoding=\"async\" class=\"alignnone wp-image-5242\" src=\"https:\/\/www.endres-lighting.de\/el\/wp-content\/uploads\/2020\/07\/thumb-Icelight-lichtvorhaenge-pdf.jpg\" alt=\"\" width=\"304\" height=\"200\" srcset=\"https:\/\/www.endres-lighting.de\/el\/wp-content\/uploads\/2020\/07\/thumb-Icelight-lichtvorhaenge-pdf.jpg 721w, https:\/\/www.endres-lighting.de\/el\/wp-content\/uploads\/2020\/07\/thumb-Icelight-lichtvorhaenge-pdf-700x460.jpg 700w, https:\/\/www.endres-lighting.de\/el\/wp-content\/uploads\/2020\/07\/thumb-Icelight-lichtvorhaenge-pdf-300x197.jpg 300w\" sizes=\"(max-width: 304px) 100vw, 304px\" \/><\/a><\/p>\t\t\t\t\t\t\t\t<\/div>\n\t\t\t\t<\/div>\n\t\t\t\t\t<\/div>\n\t\t<\/div>\n\t\t\t\t\t<\/div>\n\t\t<\/section>\n\t\t\t\t<section class=\"elementor-section elementor-top-section elementor-element elementor-element-d4c61d5 elementor-section-boxed elementor-section-height-default elementor-section-height-default\" data-id=\"d4c61d5\" data-element_type=\"section\" data-e-type=\"section\">\n\t\t\t\t\t\t<div class=\"elementor-container elementor-column-gap-default\">\n\t\t\t\t\t<div class=\"elementor-column elementor-col-100 elementor-top-column elementor-element elementor-element-cdd61a5\" data-id=\"cdd61a5\" data-element_type=\"column\" data-e-type=\"column\">\n\t\t\t<div class=\"elementor-widget-wrap elementor-element-populated\">\n\t\t\t\t\t\t<div class=\"elementor-element elementor-element-f162bd5 elementor-widget-divider--view-line_icon elementor-view-default elementor-widget-divider--element-align-center elementor-widget elementor-widget-divider\" data-id=\"f162bd5\" data-element_type=\"widget\" data-e-type=\"widget\" data-widget_type=\"divider.default\">\n\t\t\t\t<div class=\"elementor-widget-container\">\n\t\t\t\t\t\t\t<div class=\"elementor-divider\">\n\t\t\t<span class=\"elementor-divider-separator\">\n\t\t\t\t\t\t\t<div class=\"elementor-icon elementor-divider__element\">\n\t\t\t\t\t<i aria-hidden=\"true\" class=\"fas fa-star\"><\/i><\/div>\n\t\t\t\t\t\t<\/span>\n\t\t<\/div>\n\t\t\t\t\t\t<\/div>\n\t\t\t\t<\/div>\n\t\t\t\t\t<\/div>\n\t\t<\/div>\n\t\t\t\t\t<\/div>\n\t\t<\/section>\n\t\t\t\t<section class=\"elementor-section elementor-top-section elementor-element elementor-element-8339984 elementor-section-boxed elementor-section-height-default elementor-section-height-default\" data-id=\"8339984\" data-element_type=\"section\" data-e-type=\"section\">\n\t\t\t\t\t\t<div class=\"elementor-container elementor-column-gap-default\">\n\t\t\t\t\t<div class=\"elementor-column elementor-col-50 elementor-top-column elementor-element elementor-element-1274922\" data-id=\"1274922\" data-element_type=\"column\" data-e-type=\"column\">\n\t\t\t<div class=\"elementor-widget-wrap elementor-element-populated\">\n\t\t\t\t\t\t<div class=\"elementor-element elementor-element-b897526 elementor-widget elementor-widget-testimonial\" data-id=\"b897526\" data-element_type=\"widget\" data-e-type=\"widget\" data-widget_type=\"testimonial.default\">\n\t\t\t\t<div class=\"elementor-widget-container\">\n\t\t\t\t\t\t\t<div class=\"elementor-testimonial-wrapper\">\n\t\t\t\n\t\t\t\t\t\t<div class=\"elementor-testimonial-meta elementor-has-image elementor-testimonial-image-position-aside\">\n\t\t\t\t<div class=\"elementor-testimonial-meta-inner\">\n\t\t\t\t\t\t\t\t\t\t\t<div class=\"elementor-testimonial-image\">\n\t\t\t\t\t\t\t<a href=\"https:\/\/www.endres-lighting.de\/el\/wp-content\/uploads\/2023\/12\/Normo-45-Infoblatt-2.pdf\"><img loading=\"lazy\" decoding=\"async\" width=\"224\" height=\"185\" src=\"https:\/\/www.endres-lighting.de\/el\/wp-content\/uploads\/2020\/07\/Normo-45-Kugellampe.jpg\" class=\"attachment-medium size-medium wp-image-8472\" alt=\"\" \/><\/a>\t\t\t\t\t\t<\/div>\n\t\t\t\t\t\n\t\t\t\t\t\t\t\t\t\t<div class=\"elementor-testimonial-details\">\n\t\t\t\t\t\t\t\t\t\t\t\t\t\t<a class=\"elementor-testimonial-name\" href=\"https:\/\/www.endres-lighting.de\/el\/wp-content\/uploads\/2023\/12\/Normo-45-Infoblatt-2.pdf\">Normo 45 Kugellampe<\/a>\n\t\t\t\t\t\t\t\t\t\t\t\t\t\t\t\t\t\t\t\t\t\t<a class=\"elementor-testimonial-job\" href=\"https:\/\/www.endres-lighting.de\/el\/wp-content\/uploads\/2023\/12\/Normo-45-Infoblatt-2.pdf\"><br>Ersetzen Sie ihre herk\u00f6mmlichen Gl\u00fchlampen in Ihrer Deko- und Weihnachtsbeleuchtung \ndurch die neue energiesparende LED-Lampe PANDIA NORMO 45.\n<\/a>\n\t\t\t\t\t\t\t\t\t\t\t\t\t<\/div>\n\t\t\t\t\t\t\t\t\t<\/div>\n\t\t\t<\/div>\n\t\t\t\t\t<\/div>\n\t\t\t\t\t\t<\/div>\n\t\t\t\t<\/div>\n\t\t\t\t\t<\/div>\n\t\t<\/div>\n\t\t\t\t<div class=\"elementor-column elementor-col-50 elementor-top-column elementor-element elementor-element-fbb20a3\" data-id=\"fbb20a3\" data-element_type=\"column\" data-e-type=\"column\">\n\t\t\t<div class=\"elementor-widget-wrap elementor-element-populated\">\n\t\t\t\t\t\t<div class=\"elementor-element elementor-element-a58fb50 elementor-widget elementor-widget-testimonial\" data-id=\"a58fb50\" data-element_type=\"widget\" data-e-type=\"widget\" data-widget_type=\"testimonial.default\">\n\t\t\t\t<div class=\"elementor-widget-container\">\n\t\t\t\t\t\t\t<div class=\"elementor-testimonial-wrapper\">\n\t\t\t\n\t\t\t\t\t\t<div class=\"elementor-testimonial-meta elementor-has-image elementor-testimonial-image-position-aside\">\n\t\t\t\t<div class=\"elementor-testimonial-meta-inner\">\n\t\t\t\t\t\t\t\t\t\t\t<div class=\"elementor-testimonial-image\">\n\t\t\t\t\t\t\t<a href=\"https:\/\/www.endres-lighting.de\/el\/wp-content\/uploads\/2023\/12\/Normo-50-Infoblatt.pdf\"><img loading=\"lazy\" decoding=\"async\" width=\"300\" height=\"249\" src=\"https:\/\/www.endres-lighting.de\/el\/wp-content\/uploads\/2023\/12\/matt_2018-klein-1-300x249.jpg\" class=\"attachment-medium size-medium wp-image-7317\" alt=\"\" srcset=\"https:\/\/www.endres-lighting.de\/el\/wp-content\/uploads\/2023\/12\/matt_2018-klein-1-300x249.jpg 300w, https:\/\/www.endres-lighting.de\/el\/wp-content\/uploads\/2023\/12\/matt_2018-klein-1-768x638.jpg 768w, https:\/\/www.endres-lighting.de\/el\/wp-content\/uploads\/2023\/12\/matt_2018-klein-1-700x581.jpg 700w, https:\/\/www.endres-lighting.de\/el\/wp-content\/uploads\/2023\/12\/matt_2018-klein-1.jpg 866w\" sizes=\"(max-width: 300px) 100vw, 300px\" \/><\/a>\t\t\t\t\t\t<\/div>\n\t\t\t\t\t\n\t\t\t\t\t\t\t\t\t\t<div class=\"elementor-testimonial-details\">\n\t\t\t\t\t\t\t\t\t\t\t\t\t\t<a class=\"elementor-testimonial-name\" href=\"https:\/\/www.endres-lighting.de\/el\/wp-content\/uploads\/2023\/12\/Normo-50-Infoblatt.pdf\">Normo 50 Kugellampe<\/a>\n\t\t\t\t\t\t\t\t\t\t\t\t\t\t\t\t\t\t\t\t\t\t<a class=\"elementor-testimonial-job\" href=\"https:\/\/www.endres-lighting.de\/el\/wp-content\/uploads\/2023\/12\/Normo-50-Infoblatt.pdf\"><br>Ersetzen Sie ihre herk\u00f6mmlichen Gl\u00fchlampen in Ihrer Deko- und Weihnachtsbeleuchtung \ndurch die neue energiesparende LED-Lampe PANDIA NORMO 50.\n<\/a>\n\t\t\t\t\t\t\t\t\t\t\t\t\t<\/div>\n\t\t\t\t\t\t\t\t\t<\/div>\n\t\t\t<\/div>\n\t\t\t\t\t<\/div>\n\t\t\t\t\t\t<\/div>\n\t\t\t\t<\/div>\n\t\t\t\t\t<\/div>\n\t\t<\/div>\n\t\t\t\t\t<\/div>\n\t\t<\/section>\n\t\t\t\t<section class=\"elementor-section elementor-top-section elementor-element elementor-element-7d44a93 elementor-section-boxed elementor-section-height-default elementor-section-height-default\" data-id=\"7d44a93\" data-element_type=\"section\" data-e-type=\"section\">\n\t\t\t\t\t\t<div class=\"elementor-container elementor-column-gap-default\">\n\t\t\t\t\t<div class=\"elementor-column elementor-col-50 elementor-top-column elementor-element elementor-element-3f0fa2d\" data-id=\"3f0fa2d\" data-element_type=\"column\" data-e-type=\"column\">\n\t\t\t<div class=\"elementor-widget-wrap elementor-element-populated\">\n\t\t\t\t\t\t<div class=\"elementor-element elementor-element-87f65e4 elementor-widget elementor-widget-testimonial\" data-id=\"87f65e4\" data-element_type=\"widget\" data-e-type=\"widget\" data-widget_type=\"testimonial.default\">\n\t\t\t\t<div class=\"elementor-widget-container\">\n\t\t\t\t\t\t\t<div class=\"elementor-testimonial-wrapper\">\n\t\t\t\n\t\t\t\t\t\t<div class=\"elementor-testimonial-meta elementor-has-image elementor-testimonial-image-position-aside\">\n\t\t\t\t<div class=\"elementor-testimonial-meta-inner\">\n\t\t\t\t\t\t\t\t\t\t\t<div class=\"elementor-testimonial-image\">\n\t\t\t\t\t\t\t<a href=\"https:\/\/www.endres-lighting.de\/el\/wp-content\/uploads\/2023\/10\/Lichtschlauch-Flex-13-mm-E-6882790LA4-E-6882790-Infoblatt.pdf\"><img loading=\"lazy\" decoding=\"async\" width=\"224\" height=\"185\" src=\"https:\/\/www.endres-lighting.de\/el\/wp-content\/uploads\/2020\/07\/Lichtschlauch.jpg\" class=\"attachment-dazzling-featured size-dazzling-featured wp-image-8474\" alt=\"\" \/><\/a>\t\t\t\t\t\t<\/div>\n\t\t\t\t\t\n\t\t\t\t\t\t\t\t\t\t<div class=\"elementor-testimonial-details\">\n\t\t\t\t\t\t\t\t\t\t\t\t\t\t<a class=\"elementor-testimonial-name\" href=\"https:\/\/www.endres-lighting.de\/el\/wp-content\/uploads\/2023\/10\/Lichtschlauch-Flex-13-mm-E-6882790LA4-E-6882790-Infoblatt.pdf\">Lichtschlauch<\/a>\n\t\t\t\t\t\t\t\t\t\t\t\t\t\t\t\t\t\t\t\t\t\t<a class=\"elementor-testimonial-job\" href=\"https:\/\/www.endres-lighting.de\/el\/wp-content\/uploads\/2023\/10\/Lichtschlauch-Flex-13-mm-E-6882790LA4-E-6882790-Infoblatt.pdf\">LED-Flex \u00d8 13 mm<br><br>\u2022 Lichtschlauch f\u00fcr den Au\u00dfenbereich, IP44<br>\u2022 weitere Ausf\u00fchrungen &amp; Farben auf Anfrage\n<br><br>Auf Wunsch k\u00f6nnen gegen Aufpreis Teilst\u00fccke geliefert und mit einem Einspeiser konfektioniert werden.<\/a>\n\t\t\t\t\t\t\t\t\t\t\t\t\t<\/div>\n\t\t\t\t\t\t\t\t\t<\/div>\n\t\t\t<\/div>\n\t\t\t\t\t<\/div>\n\t\t\t\t\t\t<\/div>\n\t\t\t\t<\/div>\n\t\t\t\t\t<\/div>\n\t\t<\/div>\n\t\t\t\t<div class=\"elementor-column elementor-col-50 elementor-top-column elementor-element elementor-element-97d6c5a\" data-id=\"97d6c5a\" data-element_type=\"column\" data-e-type=\"column\">\n\t\t\t<div class=\"elementor-widget-wrap elementor-element-populated\">\n\t\t\t\t\t\t<div class=\"elementor-element elementor-element-28af611 elementor-widget elementor-widget-testimonial\" data-id=\"28af611\" data-element_type=\"widget\" data-e-type=\"widget\" data-widget_type=\"testimonial.default\">\n\t\t\t\t<div class=\"elementor-widget-container\">\n\t\t\t\t\t\t\t<div class=\"elementor-testimonial-wrapper\">\n\t\t\t\n\t\t\t\t\t\t<div class=\"elementor-testimonial-meta elementor-has-image elementor-testimonial-image-position-aside\">\n\t\t\t\t<div class=\"elementor-testimonial-meta-inner\">\n\t\t\t\t\t\t\t\t\t\t\t<div class=\"elementor-testimonial-image\">\n\t\t\t\t\t\t\t<a href=\"https:\/\/www.endres-lighting.de\/el\/wp-content\/uploads\/2023\/10\/LED-Superlight-Lichterkette-E-67120-E-67237-Infoblatt.pdf\"><img loading=\"lazy\" decoding=\"async\" width=\"730\" height=\"410\" src=\"https:\/\/www.endres-lighting.de\/el\/wp-content\/uploads\/2023\/11\/LED-Superlight-Lichterkette-fuer-innen-und-aussen-3-730x410.jpg\" class=\"attachment-dazzling-featured size-dazzling-featured wp-image-7297\" alt=\"\" \/><\/a>\t\t\t\t\t\t<\/div>\n\t\t\t\t\t\n\t\t\t\t\t\t\t\t\t\t<div class=\"elementor-testimonial-details\">\n\t\t\t\t\t\t\t\t\t\t\t\t\t\t<a class=\"elementor-testimonial-name\" href=\"https:\/\/www.endres-lighting.de\/el\/wp-content\/uploads\/2023\/10\/LED-Superlight-Lichterkette-E-67120-E-67237-Infoblatt.pdf\">Ketten \/ Vorh\u00e4nge<\/a>\n\t\t\t\t\t\t\t\t\t\t\t\t\t\t\t\t\t\t\t\t\t\t<a class=\"elementor-testimonial-job\" href=\"https:\/\/www.endres-lighting.de\/el\/wp-content\/uploads\/2023\/10\/LED-Superlight-Lichterkette-E-67120-E-67237-Infoblatt.pdf\">\u201eSuper- und Icelight\u201c<br><br>Verl\u00e4ngerbare Lichterkette (in 6 Meter-Schritten) f\u00fcr den Innen- und Au\u00dfenbereich.<\/a>\n\t\t\t\t\t\t\t\t\t\t\t\t\t<\/div>\n\t\t\t\t\t\t\t\t\t<\/div>\n\t\t\t<\/div>\n\t\t\t\t\t<\/div>\n\t\t\t\t\t\t<\/div>\n\t\t\t\t<\/div>\n\t\t\t\t\t<\/div>\n\t\t<\/div>\n\t\t\t\t\t<\/div>\n\t\t<\/section>\n\t\t\t\t<section class=\"elementor-section elementor-top-section elementor-element elementor-element-ed45c7f elementor-section-boxed elementor-section-height-default elementor-section-height-default\" data-id=\"ed45c7f\" data-element_type=\"section\" data-e-type=\"section\">\n\t\t\t\t\t\t<div class=\"elementor-container elementor-column-gap-default\">\n\t\t\t\t\t<div class=\"elementor-column elementor-col-50 elementor-top-column elementor-element elementor-element-e86a312\" data-id=\"e86a312\" data-element_type=\"column\" data-e-type=\"column\">\n\t\t\t<div class=\"elementor-widget-wrap elementor-element-populated\">\n\t\t\t\t\t\t<div class=\"elementor-element elementor-element-d37ffdf elementor-widget elementor-widget-testimonial\" data-id=\"d37ffdf\" data-element_type=\"widget\" data-e-type=\"widget\" data-widget_type=\"testimonial.default\">\n\t\t\t\t<div class=\"elementor-widget-container\">\n\t\t\t\t\t\t\t<div class=\"elementor-testimonial-wrapper\">\n\t\t\t\n\t\t\t\t\t\t<div class=\"elementor-testimonial-meta elementor-has-image elementor-testimonial-image-position-aside\">\n\t\t\t\t<div class=\"elementor-testimonial-meta-inner\">\n\t\t\t\t\t\t\t\t\t\t\t<div class=\"elementor-testimonial-image\">\n\t\t\t\t\t\t\t<a href=\"https:\/\/www.endres-lighting.de\/el\/wp-content\/uploads\/2025\/10\/Lichtvorhang-Icelight-E-99201-E-99216-Infoblatt.pdf\"><img loading=\"lazy\" decoding=\"async\" width=\"730\" height=\"410\" src=\"https:\/\/www.endres-lighting.de\/el\/wp-content\/uploads\/2020\/07\/LED-Icelight-99201-99211-Icelight-1-730x410.jpg\" class=\"attachment-dazzling-featured size-dazzling-featured wp-image-8518\" alt=\"\" \/><\/a>\t\t\t\t\t\t<\/div>\n\t\t\t\t\t\n\t\t\t\t\t\t\t\t\t\t<div class=\"elementor-testimonial-details\">\n\t\t\t\t\t\t\t\t\t\t\t\t\t\t<a class=\"elementor-testimonial-name\" href=\"https:\/\/www.endres-lighting.de\/el\/wp-content\/uploads\/2025\/10\/Lichtvorhang-Icelight-E-99201-E-99216-Infoblatt.pdf\">LED Icelight Lichterkette \/ Lichterkettenvorhang<\/a>\n\t\t\t\t\t\t\t\t\t\t\t\t\t\t\t\t\t\t\t\t\t\t<a class=\"elementor-testimonial-job\" href=\"https:\/\/www.endres-lighting.de\/el\/wp-content\/uploads\/2025\/10\/Lichtvorhang-Icelight-E-99201-E-99216-Infoblatt.pdf\">Weihnachtsbeleuchtung f\u00fcr au\u00dfen<br><br>Mit dieser Icelight Beleuchtung setzen Sie Akzente! Verwandeln Sie Ihren Garten in eine weihnachtliche Wunderwelt, die Sie jeden Abend auf\u00b4s neue verzaubern wird.<\/a>\n\t\t\t\t\t\t\t\t\t\t\t\t\t<\/div>\n\t\t\t\t\t\t\t\t\t<\/div>\n\t\t\t<\/div>\n\t\t\t\t\t<\/div>\n\t\t\t\t\t\t<\/div>\n\t\t\t\t<\/div>\n\t\t\t\t\t<\/div>\n\t\t<\/div>\n\t\t\t\t<div class=\"elementor-column elementor-col-50 elementor-top-column elementor-element elementor-element-b5c7396\" data-id=\"b5c7396\" data-element_type=\"column\" data-e-type=\"column\">\n\t\t\t<div class=\"elementor-widget-wrap elementor-element-populated\">\n\t\t\t\t\t\t<div class=\"elementor-element elementor-element-4a29cb2 elementor-widget elementor-widget-testimonial\" data-id=\"4a29cb2\" data-element_type=\"widget\" data-e-type=\"widget\" data-widget_type=\"testimonial.default\">\n\t\t\t\t<div class=\"elementor-widget-container\">\n\t\t\t\t\t\t\t<div class=\"elementor-testimonial-wrapper\">\n\t\t\t\n\t\t\t\t\t\t<div class=\"elementor-testimonial-meta elementor-has-image elementor-testimonial-image-position-aside\">\n\t\t\t\t<div class=\"elementor-testimonial-meta-inner\">\n\t\t\t\t\t\t\t\t\t\t\t<div class=\"elementor-testimonial-image\">\n\t\t\t\t\t\t\t<img loading=\"lazy\" decoding=\"async\" width=\"567\" height=\"316\" src=\"https:\/\/www.endres-lighting.de\/el\/wp-content\/uploads\/2020\/07\/Girlande-4.jpg\" class=\"attachment-dazzling-featured size-dazzling-featured wp-image-8453\" alt=\"\" srcset=\"https:\/\/www.endres-lighting.de\/el\/wp-content\/uploads\/2020\/07\/Girlande-4.jpg 567w, https:\/\/www.endres-lighting.de\/el\/wp-content\/uploads\/2020\/07\/Girlande-4-300x167.jpg 300w\" sizes=\"(max-width: 567px) 100vw, 567px\" \/>\t\t\t\t\t\t<\/div>\n\t\t\t\t\t\n\t\t\t\t\t\t\t\t\t\t<div class=\"elementor-testimonial-details\">\n\t\t\t\t\t\t\t\t\t\t\t\t\t\t<div class=\"elementor-testimonial-name\">Partydekoration \/ Weihnachtsgirlande<\/div>\n\t\t\t\t\t\t\t\t\t\t\t\t\t\t\t\t\t\t\t\t\t\t<div class=\"elementor-testimonial-job\">f\u00fcr Innen- und Au\u00dfenbereich <br>(Abbildung \u00e4hnlich)<br><br>Material: Luvi<br>Standardfarbe: gr\u00fcn<br>Lieferung: die Girlande wird ungezupft geliefert<\/div>\n\t\t\t\t\t\t\t\t\t\t\t\t\t<\/div>\n\t\t\t\t\t\t\t\t\t<\/div>\n\t\t\t<\/div>\n\t\t\t\t\t<\/div>\n\t\t\t\t\t\t<\/div>\n\t\t\t\t<\/div>\n\t\t\t\t\t<\/div>\n\t\t<\/div>\n\t\t\t\t\t<\/div>\n\t\t<\/section>\n\t\t\t\t<section class=\"elementor-section elementor-top-section elementor-element elementor-element-d14441a elementor-section-boxed elementor-section-height-default elementor-section-height-default\" data-id=\"d14441a\" data-element_type=\"section\" data-e-type=\"section\">\n\t\t\t\t\t\t<div class=\"elementor-container elementor-column-gap-default\">\n\t\t\t\t\t<div class=\"elementor-column elementor-col-50 elementor-top-column elementor-element elementor-element-2f61bcc\" data-id=\"2f61bcc\" data-element_type=\"column\" data-e-type=\"column\">\n\t\t\t<div class=\"elementor-widget-wrap elementor-element-populated\">\n\t\t\t\t\t\t<div class=\"elementor-element elementor-element-917a81b elementor-widget elementor-widget-testimonial\" data-id=\"917a81b\" data-element_type=\"widget\" data-e-type=\"widget\" data-widget_type=\"testimonial.default\">\n\t\t\t\t<div class=\"elementor-widget-container\">\n\t\t\t\t\t\t\t<div class=\"elementor-testimonial-wrapper\">\n\t\t\t\n\t\t\t\t\t\t<div class=\"elementor-testimonial-meta elementor-has-image elementor-testimonial-image-position-aside\">\n\t\t\t\t<div class=\"elementor-testimonial-meta-inner\">\n\t\t\t\t\t\t\t\t\t\t\t<div class=\"elementor-testimonial-image\">\n\t\t\t\t\t\t\t<a href=\"https:\/\/www.endres-lighting.de\/el\/wp-content\/uploads\/2025\/10\/Lichtschlauch-13-mm-E-69707-Infoblatt.pdf\"><img loading=\"lazy\" decoding=\"async\" width=\"730\" height=\"410\" src=\"https:\/\/www.endres-lighting.de\/el\/wp-content\/uploads\/2020\/07\/LED-NeonFlex-double-sided-1-730x410.jpg\" class=\"attachment-dazzling-featured size-dazzling-featured wp-image-8965\" alt=\"\" \/><\/a>\t\t\t\t\t\t<\/div>\n\t\t\t\t\t\n\t\t\t\t\t\t\t\t\t\t<div class=\"elementor-testimonial-details\">\n\t\t\t\t\t\t\t\t\t\t\t\t\t\t<a class=\"elementor-testimonial-name\" href=\"https:\/\/www.endres-lighting.de\/el\/wp-content\/uploads\/2025\/10\/Lichtschlauch-13-mm-E-69707-Infoblatt.pdf\">LED NeonFlex-double sided<\/a>\n\t\t\t\t\t\t\t\t\t\t\t\t\t\t\t\t\t\t\t\t\t\t<a class=\"elementor-testimonial-job\" href=\"https:\/\/www.endres-lighting.de\/el\/wp-content\/uploads\/2025\/10\/Lichtschlauch-13-mm-E-69707-Infoblatt.pdf\">auf Rolle<br><br>Hauptmerkmale:<br>\u2022 Lichtschlauch f\u00fcr den Au\u00dfenbereich<br>\u2022 wei\u00dfer Einspeiser oder schwarzer Einspeiser<br>\u2022 Farbtemperatur (K): 3000<br>\u2022 LED-Abstand (mm): ca. 8,33<br>\u2022 Anzahl der LED (pro Meter): 120<\/a>\n\t\t\t\t\t\t\t\t\t\t\t\t\t<\/div>\n\t\t\t\t\t\t\t\t\t<\/div>\n\t\t\t<\/div>\n\t\t\t\t\t<\/div>\n\t\t\t\t\t\t<\/div>\n\t\t\t\t<\/div>\n\t\t\t\t\t<\/div>\n\t\t<\/div>\n\t\t\t\t<div class=\"elementor-column elementor-col-50 elementor-top-column elementor-element elementor-element-196a2fc\" data-id=\"196a2fc\" data-element_type=\"column\" data-e-type=\"column\">\n\t\t\t<div class=\"elementor-widget-wrap elementor-element-populated\">\n\t\t\t\t\t\t<div class=\"elementor-element elementor-element-d6d995e elementor-widget elementor-widget-testimonial\" data-id=\"d6d995e\" data-element_type=\"widget\" data-e-type=\"widget\" data-widget_type=\"testimonial.default\">\n\t\t\t\t<div class=\"elementor-widget-container\">\n\t\t\t\t\t\t\t<div class=\"elementor-testimonial-wrapper\">\n\t\t\t\n\t\t\t\t\t\t<div class=\"elementor-testimonial-meta elementor-has-image elementor-testimonial-image-position-aside\">\n\t\t\t\t<div class=\"elementor-testimonial-meta-inner\">\n\t\t\t\t\t\t\t\t\t\t\t<div class=\"elementor-testimonial-image\">\n\t\t\t\t\t\t\t<img loading=\"lazy\" decoding=\"async\" width=\"224\" height=\"185\" src=\"https:\/\/www.endres-lighting.de\/el\/wp-content\/uploads\/2020\/07\/Weihnachtsbaum.jpg\" class=\"attachment-dazzling-featured size-dazzling-featured wp-image-8468\" alt=\"\" \/>\t\t\t\t\t\t<\/div>\n\t\t\t\t\t\n\t\t\t\t\t\t\t\t\t\t<div class=\"elementor-testimonial-details\">\n\t\t\t\t\t\t\t\t\t\t\t\t\t\t<div class=\"elementor-testimonial-name\">K\u00fcnstlicher Weihnachtsbaum<\/div>\n\t\t\t\t\t\t\t\t\t\t\t\t\t\t\t\t\t\t\t\t\t\t<div class=\"elementor-testimonial-job\">mit St\u00e4nder \u2013 2,70 m H\u00f6he \u2013 wie echt!<br><br>\u2022 Weihnachtsbaum nur f\u00fcr den Innenbereich<br>\u2022 Schneller und einfacher Aufbau<br>\u2022 Originalgetreu durch nat\u00fcrliche Optik<br>\u2022 Sicher \u2013 weil schwer entflammbar<br>\u2022 Leuchtmittel nicht inbegriffen<\/div>\n\t\t\t\t\t\t\t\t\t\t\t\t\t<\/div>\n\t\t\t\t\t\t\t\t\t<\/div>\n\t\t\t<\/div>\n\t\t\t\t\t<\/div>\n\t\t\t\t\t\t<\/div>\n\t\t\t\t<\/div>\n\t\t\t\t\t<\/div>\n\t\t<\/div>\n\t\t\t\t\t<\/div>\n\t\t<\/section>\n\t\t\t\t<\/div>\n\t\t","protected":false},"excerpt":{"rendered":"<p>Stimmungsvolle Weihnachtsbeleuchtung, perfekt in Szene gesetzt.<\/p>\n","protected":false},"author":1,"featured_media":0,"comment_status":"closed","ping_status":"open","sticky":false,"template":"","format":"standard","meta":{"_crdt_document":"","_monsterinsights_skip_tracking":false,"_monsterinsights_sitenote_active":false,"_monsterinsights_sitenote_note":"","_monsterinsights_sitenote_category":0,"footnotes":""},"categories":[336],"tags":[339,340,337,338],"class_list":["post-5122","post","type-post","status-publish","format-standard","hentry","category-weihnachtsbeleuchtung","tag-lichterketten","tag-motive","tag-weihnachten","tag-weihnachtsbeleuchtung"],"_links":{"self":[{"href":"https:\/\/www.endres-lighting.de\/el\/wp-json\/wp\/v2\/posts\/5122","targetHints":{"allow":["GET"]}}],"collection":[{"href":"https:\/\/www.endres-lighting.de\/el\/wp-json\/wp\/v2\/posts"}],"about":[{"href":"https:\/\/www.endres-lighting.de\/el\/wp-json\/wp\/v2\/types\/post"}],"author":[{"embeddable":true,"href":"https:\/\/www.endres-lighting.de\/el\/wp-json\/wp\/v2\/users\/1"}],"replies":[{"embeddable":true,"href":"https:\/\/www.endres-lighting.de\/el\/wp-json\/wp\/v2\/comments?post=5122"}],"version-history":[{"count":256,"href":"https:\/\/www.endres-lighting.de\/el\/wp-json\/wp\/v2\/posts\/5122\/revisions"}],"predecessor-version":[{"id":9415,"href":"https:\/\/www.endres-lighting.de\/el\/wp-json\/wp\/v2\/posts\/5122\/revisions\/9415"}],"wp:attachment":[{"href":"https:\/\/www.endres-lighting.de\/el\/wp-json\/wp\/v2\/media?parent=5122"}],"wp:term":[{"taxonomy":"category","embeddable":true,"href":"https:\/\/www.endres-lighting.de\/el\/wp-json\/wp\/v2\/categories?post=5122"},{"taxonomy":"post_tag","embeddable":true,"href":"https:\/\/www.endres-lighting.de\/el\/wp-json\/wp\/v2\/tags?post=5122"}],"curies":[{"name":"wp","href":"https:\/\/api.w.org\/{rel}","templated":true}]}}